{"id":173,"date":"2023-03-31T17:27:10","date_gmt":"2023-03-31T17:27:10","guid":{"rendered":"https:\/\/timiskamingyouth.ca\/?p=173"},"modified":"2024-04-02T12:23:03","modified_gmt":"2024-04-02T12:23:03","slug":"timiskaming-attends-roundtable-on-youth-health-and-wellbeing-in-ottawa","status":"publish","type":"post","link":"https:\/\/timiskamingyouth.ca\/fr\/timiskaming-attends-roundtable-on-youth-health-and-wellbeing-in-ottawa\/","title":{"rendered":"Une repr\u00e9sentante du Timiskaming a assist\u00e9 \u00e0 la table ronde sur la sant\u00e9 et le bien-\u00eatre des jeunes tenue \u00e0 Ottawa"},"content":{"rendered":"<div class=\"mceTemp\"><\/div>\n<p><img decoding=\"async\" class=\"alignnone  wp-image-167\" src=\"https:\/\/timiskamingyouth.ca\/wp-content\/uploads\/2024\/03\/timiskaming-attends-roundtable.jpg\" alt=\"\" width=\"575\" height=\"384\" srcset=\"https:\/\/timiskamingyouth.ca\/wp-content\/uploads\/2024\/03\/timiskaming-attends-roundtable.jpg 1430w, https:\/\/timiskamingyouth.ca\/wp-content\/uploads\/2024\/03\/timiskaming-attends-roundtable-300x201.jpg 300w, https:\/\/timiskamingyouth.ca\/wp-content\/uploads\/2024\/03\/timiskaming-attends-roundtable-1024x685.jpg 1024w, https:\/\/timiskamingyouth.ca\/wp-content\/uploads\/2024\/03\/timiskaming-attends-roundtable-768x513.jpg 768w, https:\/\/timiskamingyouth.ca\/wp-content\/uploads\/2024\/03\/timiskaming-attends-roundtable-272x182.jpg 272w, https:\/\/timiskamingyouth.ca\/wp-content\/uploads\/2024\/03\/timiskaming-attends-roundtable-720x482.jpg 720w, https:\/\/timiskamingyouth.ca\/wp-content\/uploads\/2024\/03\/timiskaming-attends-roundtable-1320x882.jpg 1320w, https:\/\/timiskamingyouth.ca\/wp-content\/uploads\/2024\/03\/timiskaming-attends-roundtable-660x441.jpg 660w, https:\/\/timiskamingyouth.ca\/wp-content\/uploads\/2024\/03\/timiskaming-attends-roundtable-960x642.jpg 960w, https:\/\/timiskamingyouth.ca\/wp-content\/uploads\/2024\/03\/timiskaming-attends-roundtable-480x321.jpg 480w, https:\/\/timiskamingyouth.ca\/wp-content\/uploads\/2024\/03\/timiskaming-attends-roundtable-360x241.jpg 360w\" sizes=\"(max-width: 575px) 100vw, 575px\" \/><\/p>\n<p>Figurent sur la photo, de gauche \u00e0 droite, Pall R\u00edkhardsson, directeur g\u00e9n\u00e9ral de Plan\u00e8te Jeunesse; Joanne Pinnow, directrice d\u2019Akak\u2019stiman, United Way Calgary; la Dre Theresa Tam, administratrice en chef de la sant\u00e9 publique du Canada; M\u00e9lanie Cormier, Plan\u00e8te Jeunesse Nouveau-Brunswick, et David Somppi, Planet Youth Lanark County.<\/p>\n<p>La table ronde du 29 mai sur la sant\u00e9 et le bien-\u00eatre des jeunes tenue \u00e0 Ottawa a eu lieu durant la visite officielle au Canada du pr\u00e9sident et de la premi\u00e8re dame de l\u2019Islande.<\/p>\n<p>La table ronde, organis\u00e9e par l\u2019ambassade d\u2019Islande, l\u2019Agence de la sant\u00e9 publique du Canada et Plan\u00e8te Jeunesse, a r\u00e9uni des dignitaires, des repr\u00e9sentants gouvernementaux et des professionnels de la sant\u00e9 publique pour discuter du mod\u00e8le de pr\u00e9vention islandais et de sa mise en place dans des communaut\u00e9s canadiennes.<\/p>\n<p>Les autorit\u00e9s sanitaires canadiennes sont au courant depuis un certain temps du travail r\u00e9alis\u00e9 par Plan\u00e8te Jeunesse ainsi que du caract\u00e8re novateur du mod\u00e8le de pr\u00e9vention islandais. Ce mod\u00e8le, entre autres, a \u00e9t\u00e9 abord\u00e9 dans le <a href=\"https:\/\/www.canada.ca\/content\/dam\/phac-aspc\/documents\/corporate\/publications\/chief-public-health-officer-reports-state-public-health-canada\/2018-preventing-problematic-substance-use-youth\/2018-prevenir-consommation-problematqiue-substance-jeunes.pdf\" target=\"_blank\" rel=\"noopener\">rapport annuel de l\u2019administratrice en chef de la sant\u00e9 publique r\u00e9dig\u00e9 en 2018<\/a>Le mot de la fin a \u00e9t\u00e9 prononc\u00e9 par l\u2019honorable Carolyn Bennett, ministre de la Sant\u00e9 mentale et des D\u00e9pendances et ministre associ\u00e9e de la Sant\u00e9, ainsi que par Jon Sigf\u00fasson, pr\u00e9sident de Plan\u00e8te Jeunesse.<\/p>\n<p>C\u2019est Erika Aelterman qui repr\u00e9sentait Plan\u00e8te Jeunesse Timiskaming \u00e0 cet \u00e9v\u00e9nement.<\/p>\n<p>On peut visionner les vid\u00e9os suivantes sur la cha\u00eene YouTube de Planet Youth :<\/p>\n<ul>\n<li>Vid\u00e9o int\u00e9grale :\u00a0<a href=\"https:\/\/youtu.be\/6aUj1yLUh8E\">https:\/\/youtu.be\/6aUj1yLUh8E<\/a><\/li>\n<li>Vid\u00e9o sommaire :\u00a0<a href=\"https:\/\/youtu.be\/CZUPRNYS5hk\">https:\/\/youtu.be\/CZUPRNYS5hk<\/a><\/li>\n<\/ul>\n<p><strong><em>Fait int\u00e9ressant : La premi\u00e8re dame de l\u2019Islande vient du comt\u00e9 de Lanark, en Ontario!\u00a0<\/em><\/strong><\/p>","protected":false},"excerpt":{"rendered":"<p>Participating, from left to right, were Planet Youth CEO Pall R\u00edkhardsson, Joanne Pinnow, Director of Akak\u2019stiman, United Way Calgary, Dr. Theresa Tam, Chief Public Health Officer of Canada, Melanie Cormier, Planet Youth New Brunswick, and David Somppi, Planet Youth Lanark &hellip; <a class=\"kt-excerpt-readmore more-link\" href=\"https:\/\/timiskamingyouth.ca\/fr\/timiskaming-attends-roundtable-on-youth-health-and-wellbeing-in-ottawa\/\" aria-label=\"Une repr\u00e9sentante du Timiskaming a assist\u00e9 \u00e0 la table ronde sur la sant\u00e9 et le bien-\u00eatre des jeunes tenue \u00e0 Ottawa\">En savoir plus<\/a><\/p>","protected":false},"author":1,"featured_media":607,"comment_status":"closed","ping_status":"closed","sticky":false,"template":"","format":"standard","meta":{"kt_blocks_editor_width":"","footnotes":""},"categories":[1],"tags":[],"class_list":["post-173","post","type-post","status-publish","format-standard","has-post-thumbnail","hentry","category-news"],"aioseo_notices":[],"_links":{"self":[{"href":"https:\/\/timiskamingyouth.ca\/fr\/wp-json\/wp\/v2\/posts\/173","targetHints":{"allow":["GET"]}}],"collection":[{"href":"https:\/\/timiskamingyouth.ca\/fr\/wp-json\/wp\/v2\/posts"}],"about":[{"href":"https:\/\/timiskamingyouth.ca\/fr\/wp-json\/wp\/v2\/types\/post"}],"author":[{"embeddable":true,"href":"https:\/\/timiskamingyouth.ca\/fr\/wp-json\/wp\/v2\/users\/1"}],"replies":[{"embeddable":true,"href":"https:\/\/timiskamingyouth.ca\/fr\/wp-json\/wp\/v2\/comments?post=173"}],"version-history":[{"count":4,"href":"https:\/\/timiskamingyouth.ca\/fr\/wp-json\/wp\/v2\/posts\/173\/revisions"}],"predecessor-version":[{"id":536,"href":"https:\/\/timiskamingyouth.ca\/fr\/wp-json\/wp\/v2\/posts\/173\/revisions\/536"}],"wp:featuredmedia":[{"embeddable":true,"href":"https:\/\/timiskamingyouth.ca\/fr\/wp-json\/wp\/v2\/media\/607"}],"wp:attachment":[{"href":"https:\/\/timiskamingyouth.ca\/fr\/wp-json\/wp\/v2\/media?parent=173"}],"wp:term":[{"taxonomy":"category","embeddable":true,"href":"https:\/\/timiskamingyouth.ca\/fr\/wp-json\/wp\/v2\/categories?post=173"},{"taxonomy":"post_tag","embeddable":true,"href":"https:\/\/timiskamingyouth.ca\/fr\/wp-json\/wp\/v2\/tags?post=173"}],"curies":[{"name":"wp","href":"https:\/\/api.w.org\/{rel}","templated":true}]}}